{"id":3980,"date":"2025-03-12T15:00:07","date_gmt":"2025-03-12T13:00:07","guid":{"rendered":"https:\/\/www.futerro.com\/futerro-lance-lingenierie-pour-sa-future-bioraffinerie-europeenne\/"},"modified":"2026-08-12T10:04:43","modified_gmt":"2026-08-12T08:04:43","slug":"futerro-lance-lingenierie-pour-sa-future-bioraffinerie-europeenne","status":"publish","type":"post","link":"https:\/\/www.futerro.com\/fr\/futerro-lance-lingenierie-pour-sa-future-bioraffinerie-europeenne\/","title":{"rendered":"Futerro, le lancement de l&rsquo;ing\u00e9nierie de sa future bioraffinerie europ\u00e9enne."},"content":{"rendered":"\n<p class=\"wp-block-paragraph\">Futerro, soci\u00e9t\u00e9 belge sp\u00e9cialis\u00e9e dans la production d\u2019acide lactique, de lactide (deux biomol\u00e9cules plateformes) et de PLA (acide poly-lactique), donne <strong>le coup d\u2019envoi de l\u2019ing\u00e9nierie et de la conception finale de l&rsquo;Avant-Projet D\u00e9taill\u00e9<\/strong> (APD) de sa future bioraffinerie europ\u00e9enne qui sera implant\u00e9e \u00e0 Saint Jean-de-Folleville entre Rouen et le Havre (76).<\/p>\n\n<p class=\"wp-block-paragraph\">L\u2019entreprise a fait appel \u00e0 l\u2019expertise technique fran\u00e7aise du Groupe Ing\u00e9rop, pour <strong>finaliser les autorisations environnementales et de construction<\/strong> qui devraient \u00eatre soumises aux services de l\u2019Etat d\u2019ici les prochains mois.<\/p>\n\n<p class=\"wp-block-paragraph\">Au travers de son projet alliant diverses technologies (fermentation, polym\u00e9risation et recyclage), <strong>Futerro vise \u00e0 d\u00e9velopper une fili\u00e8re de chimie verte et polym\u00e8res renouvelables<\/strong>, r\u00e9duisant l&#8217;empreinte carbone de l\u2019industrie fran\u00e7aise dans un objectif non pas uniquement de d\u00e9carbonation, mais de d\u00e9fossilisation.<\/p>\n\n<p class=\"wp-block-paragraph\">\u00ab <em>Ce projet porte de grandes ambitions qui se refl\u00e8tent d\u00e9sormais \u00e9galement par l\u2019engagement de nos partenaires : celle de contribuer \u00e0 r\u00e9inventer le secteur de la chimie verte en Europe, celle de participer \u00e0 la transition \u00e9cologique de l\u2019industrie, et celle de maintenir un secteur industriel fort et r\u00e9silient. Nous sommes ravis de collaborer avec Ing\u00e9rop, le groupe Eiffage et Ataub sur ce projet et convaincus que nos expertises communes apporteront une collaboration enrichissante et fructueuse tout en garantissant de tenir les d\u00e9lais envisag\u00e9s.<\/em> \u00bb d\u00e9clare <strong>Fr\u00e9d\u00e9ric Van Gansberghe, Pr\u00e9sident-Directeur G\u00e9n\u00e9ral et fondateur de Futerro. <\/strong><\/p>\n\n<div style=\"height:36px\" aria-hidden=\"true\" class=\"wp-block-spacer\"><\/div>\n\n<h2 class=\"wp-block-heading\">Vers la concr\u00e9tisation : une \u00e9tape cl\u00e9 pour la bioraffinerie<\/h2>\n\n<p class=\"wp-block-paragraph\">Le projet est lanc\u00e9 : il ne s\u2019agit plus d\u2019une ambition, mais de l\u2019implantation future et r\u00e9elle de la premi\u00e8re bioraffinerie europ\u00e9enne int\u00e9gr\u00e9e, sur la zone industrielle et portuaire de Port-J\u00e9r\u00f4me, \u00e0 Saint-Jean-de Folleville, sur l\u2019axe Seine entre Rouen et le Havre. Ce complexe de chimie verte comprendra une unit\u00e9 d\u2019acide lactique transformant des mati\u00e8res premi\u00e8res agricoles fran\u00e7aises et durables, une unit\u00e9 de conversion en lactide et PLA ainsi qu\u2019une unit\u00e9 de recyclage chimique et m\u00e9canique de PLA. <\/p>\n\n<p class=\"wp-block-paragraph\">Le lancement des travaux d\u2019ing\u00e9nierie, ayant d\u00e9but\u00e9 en janvier 2025, repr\u00e9sente une phase cruciale pour l\u2019avanc\u00e9e du projet. Il permettra \u00e0 Futerro de d\u00e9finir les bases de sa bioraffinerie et de <strong>confirmer ses choix techniques et industriels<\/strong>. Parall\u00e8lement, l\u2019entreprise <strong>\u00e9tablira les co\u00fbts d\u00e9taill\u00e9s estim\u00e9s<\/strong> avant le lancement officiel de la construction, dont la premi\u00e8re pierre est envisag\u00e9e courant de l\u2019ann\u00e9e 2026 avec une mise en production en 2028.  <\/p>\n\n<div style=\"height:29px\" aria-hidden=\"true\" class=\"wp-block-spacer\"><\/div>\n\n<h2 class=\"wp-block-heading\">Une synergie in\u00e9dite d\u2019expertises au service d\u2019un projet industriel innovant et in\u00e9dit<\/h2>\n\n<p class=\"wp-block-paragraph\">Un p\u00f4le tric\u00e9phale pilot\u00e9 par Ing\u00e9rop pour la r\u00e9alisation des \u00e9tudes de construction inclut les entreprises fran\u00e7aises Eiffage et Ataub. Ing\u00e9rop intervient particuli\u00e8rement sur les \u00e9tudes de conception de l\u2019ensemble de l\u2019ouvrage, hors proc\u00e9d\u00e9s de fabrication qui restent \u00e0 la charge de Futerro. <\/p>\n\n<p class=\"wp-block-paragraph\">L\u2019expertise de chacun combin\u00e9e \u00e0 l\u2019exp\u00e9rience et \u00e0 la connaissance technique des \u00e9quipes de Futerro, \u00e9prouv\u00e9es \u00e0 travers le monde, permettra une r\u00e9alisation du projet dans les d\u00e9lais souhait\u00e9s et les meilleures normes environnementales et de s\u00e9curit\u00e9 europ\u00e9ennes.<\/p>\n\n<blockquote class=\"wp-block-quote is-layout-flow wp-block-quote-is-layout-flow\">\n<p class=\"wp-block-paragraph\"><em>\u00ab La France reste un pays attractif pour les investissements industriels internationaux et nous sommes convaincus que l\u2019excellence et l\u2019exp\u00e9rience de l\u2019ing\u00e9nierie fran\u00e7aise peuvent apporter une r\u00e9elle valeur ajout\u00e9e afin de soutenir la transition industrielle fran\u00e7aise. Accompagner l\u2019installation de Futerro dans notre pays est, en ce sens, une fiert\u00e9 pour Ing\u00e9rop. Ce projet, reconnu par la Commission Europ\u00e9enne comme une initiative de transition pour l&rsquo;industrie chimique, nous permet de contribuer \u00e0 la r\u00e9industrialisation verte de la France en mettant au service de Futerro toute notre expertise en mati\u00e8re d\u2019\u00e9tudes d\u2019impact, de conception de b\u00e2timents, d\u2019am\u00e9nagement d\u2019infrastructures de transport et de logistique, d\u2019infrastructures \u00e9nerg\u00e9tiques, hydrauliques mais aussi d\u2019\u00e9cologie ou de s\u00e9curit\u00e9 r\u00e9glementaire. \u00bb<\/em> souligne <strong>Yves Metz, Pr\u00e9sident du groupe Ing\u00e9rop.<\/strong><\/p>\n<\/blockquote>\n\n<blockquote class=\"wp-block-quote is-layout-flow wp-block-quote-is-layout-flow\">\n<p class=\"wp-block-paragraph\"><\/p>\n<\/blockquote>\n\n<p class=\"wp-block-paragraph\">Eiffage, au travers de ses filiales Eiffage Construction et Eiffage G\u00e9nie Civil, est fier d\u2019apporter son expertise de concepteur-constructeur \u00e0 la conception de ce projet industriel d\u2019envergure. Ce dernier pr\u00e9sente de forts enjeux techniques, m\u00e9thodologiques et environnementaux donnant l\u2019opportunit\u00e9 au groupe Eiffage d\u2019exprimer ses savoir-faire. L\u2019implication tr\u00e8s en amont du Groupe permet, en \u00e9troite collaboration avec les ma\u00eetrises d\u2019\u0153uvre Ing\u00e9rop et Ataub, de s\u00e9lectionner les meilleures solutions pour r\u00e9pondre aux besoins de Futerro tout en ma\u00eetrisant l\u2019\u00e9conomie de projet.  <\/p>\n\n<blockquote class=\"wp-block-quote is-layout-flow wp-block-quote-is-layout-flow\">\n<p class=\"wp-block-paragraph\">\u00ab Le caract\u00e8re pluridisciplinaire du projet qui m\u00eale process industriel innovant, multimodalit\u00e9, d\u00e9carbonation et l\u2019enjeu de r\u00e9industrialisation du pays qu\u2019il adresse, rendent ce projet extr\u00eamement motivant pour nos \u00e9quipes \u00bb <strong> Nicolas Mader, Directeur de projet Eiffage Construction<\/strong><\/p>\n<\/blockquote>\n\n<p class=\"wp-block-paragraph\">Enfin, l\u2019architecte Ataub, bas\u00e9 \u00e0 Rouen et le Havre, apporte \u00e0 l\u2019\u00e9quipe sa connaissance du contexte et son expertise en mati\u00e8re d\u2019am\u00e9nagements et de b\u00e2timents tertiaires et industriels pour l\u2019\u00e9laboration des composantes b\u00e2timentaires du projet et pour la mise en place des dossiers r\u00e8glementaires (Permis de construire et dossier environnemental).<\/p>\n\n<blockquote class=\"wp-block-quote is-layout-flow wp-block-quote-is-layout-flow\">\n<p class=\"wp-block-paragraph\">\u00ab D\u00e9j\u00e0 tr\u00e8s pr\u00e9sent sur le secteur de Lillebonne, ATAUB est tr\u00e8s heureux de pouvoir s\u2019investir dans les projets d\u2019industrie d\u2019avenir aux c\u00f4t\u00e9s de partenaires fiables avec lesquels se sont instaur\u00e9s un r\u00e9el esprit d\u2019\u00e9quipe et une intelligence de travail en commun \u00bb. <strong>Alexis Korganow, Associ\u00e9 Ataub <\/strong><\/p>\n\n\n\n<div style=\"height:25px\" aria-hidden=\"true\" class=\"wp-block-spacer\"><\/div>\n<\/blockquote>\n\n<h2 class=\"wp-block-heading\">Cap sur la chimie verte, une ambition en accord avec les r\u00e9centes positions europ\u00e9ennes<\/h2>\n\n<p class=\"wp-block-paragraph\">Futerro a donc franchi une \u00e9tape d\u00e9cisive dans le d\u00e9veloppement de son projet, fort du soutien de l\u2019ensemble de ses partenaires. <strong>Cette initiative industrielle novatrice s&rsquo;inscrit d\u2019ailleurs en parfaite ad\u00e9quation avec les ambitions du Pacte Vert europ\u00e9en<\/strong>. A ce titre, le \u00ab Clean Industrial Deal \u00bb publi\u00e9 fin f\u00e9vrier 2025 rappelle l\u2019urgence de s\u2019\u00e9loigner des mat\u00e9riaux fossiles et le caract\u00e8re vital d\u2019obliger l\u2019utilisation de nouvelles sources de mati\u00e8res premi\u00e8res comme celles biosourc\u00e9es pour remplacer, par exemple, les plastiques fossiles. En transformant le paysage industriel normand, fran\u00e7ais, et europ\u00e9en, traditionnellement p\u00e9trochimique, cette bioraffinerie pionni\u00e8re marque l&rsquo;av\u00e8nement d&rsquo;un acteur majeur de la chimie verte et symbolise une mise en \u0153uvre concr\u00e8te de la transition \u00e9cologique et industrielle.  <\/p>\n\n<div style=\"height:30px\" aria-hidden=\"true\" class=\"wp-block-spacer\"><\/div>\n\n<div class=\"wp-block-buttons is-content-justification-center is-layout-flex wp-container-core-buttons-is-layout-3e41869c wp-block-buttons-is-layout-flex\">\n<div class=\"wp-block-button\"><a class=\"wp-block-button__link has-white-color has-text-color has-background has-link-color wp-element-button\" href=\"https:\/\/www.futerro.com\/wp-content\/uploads\/2025\/03\/CP-FEED-EN-12032025.pdf\" style=\"background-color:#009b94\" target=\"_blank\" rel=\"noreferrer noopener\">Communiqu\u00e9 de presse (PDF \u2013 EN)<\/a><\/div>\n<\/div>\n\n<div style=\"height:49px\" aria-hidden=\"true\" class=\"wp-block-spacer\"><\/div>\n\n<p class=\"wp-block-paragraph\"><\/p>\n\n<h2 class=\"wp-block-heading\">\u00c0 propos de Futerro<\/h2>\n\n<p class=\"wp-block-paragraph\">Futerro est une soci\u00e9t\u00e9 belge leader dans le secteur de l\u2019acide lactique et de l\u2019acide polylactique (PLA), biopolym\u00e8re biosourc\u00e9, industriellement compostable et recyclable capable de remplacer les plastiques p\u00e9tro-sourc\u00e9s dans la vie de tous les jours.<\/p>\n\n<p class=\"wp-block-paragraph\">Pionni\u00e8re en mati\u00e8re de recherche d\u00e8s 1992, l\u2019entreprise prend officiellement son envol en 2007 avec la construction de sa premi\u00e8re unit\u00e9 pilote de polym\u00e9risation d\u2019acide lactique en Belgique puis ouvre en 2021 son unit\u00e9 industrielle de production de PLA en Chine. Futerro pr\u00e9voit d\u00e9sormais d\u2019implanter une nouvelle bioraffinerie en France d\u2019ici 2027. L\u2019entreprise est la seule au monde \u00e0 disposer d\u2019une ma\u00eetrise parfaite de l\u2019ensemble de la cha\u00eene de production du PLA : la fermentation du sucre en acide lactique, sa polym\u00e9risation en PLA et la gestion de sa fin de vie via sa technologie brevet\u00e9e de recyclage m\u00e9canique et chimique.  <\/p>\n\n<div style=\"height:37px\" aria-hidden=\"true\" class=\"wp-block-spacer\"><\/div>\n\n<h2 class=\"wp-block-heading\">\u00c0 propos d&rsquo;Ataub<\/h2>\n\n<p class=\"wp-block-paragraph\">ATAUB est une agence de 60 personnes dont le si\u00e8ge historique est en Normandie. Elle \u0153uvre aujourd\u2019hui dans toute la France et \u00e0 l\u2019international (Afrique). Forte de plusieurs d\u00e9cennies d\u2019exp\u00e9rience industrielle au service des grands groupes comme des PME, notre agence a su renouveler ses effectifs et sa comp\u00e9tence dans ce domaine. Elle poursuit aujourd\u2019hui plusieurs projets associ\u00e9s au d\u00e9ploiement d\u2019industries d\u00e9carbon\u00e9es (hydrog\u00e8ne, nucl\u00e9aire, chimie verte) qui confortent son expertise et son orientation environnementale.   <\/p>\n\n<div style=\"height:37px\" aria-hidden=\"true\" class=\"wp-block-spacer\"><\/div>\n\n<h2 class=\"wp-block-heading\">\u00c0 propos d&rsquo;Eiffage<\/h2>\n\n<p class=\"wp-block-paragraph\">Eiffage, l\u2019un des leaders europ\u00e9ens du BTP et des concessions, exerce ses activit\u00e9s \u00e0 travers les m\u00e9tiers de la construction, de l\u2019immobilier et de l&rsquo;am\u00e9nagement, du g\u00e9nie civil, du m\u00e9tal et de la route, de l\u2019\u00e9nergie syst\u00e8mes et des concessions. Le Groupe s\u2019appuie sur l\u2019exp\u00e9rience de ses 84 400 collaborateurs et a r\u00e9alis\u00e9, en 2024, un chiffre d\u2019affaires de 23,4 milliards d\u2019euros, dont 40% hors de France. Eiffage Construction int\u00e8gre les m\u00e9tiers compl\u00e9mentaires de l\u2019am\u00e9nagement urbain, la promotion immobili\u00e8re, la construction, la maintenance et les travaux &amp; services. L\u2019entreprise est fortement implant\u00e9e en France \u00e0 travers ses 8 directions r\u00e9gionales, ainsi qu\u2019en Belgique, au Luxembourg, en Suisse et en Pologne. Eiffage Construction a r\u00e9alis\u00e9 en 2024 un chiffre d\u2019affaires de 3,98 milliards d\u2019euros.    <\/p>\n\n<p class=\"wp-block-paragraph\">Eiffage G\u00e9nie Civil est pr\u00e9sente dans l\u2019ensemble des sp\u00e9cialit\u00e9s du g\u00e9nie civil. Ses \u00e9quipes interviennent depuis la conception jusqu\u2019\u00e0 la construction, mais aussi en r\u00e9paration et en maintenance, et en d\u00e9molition, sur de nombreux ouvrages en France et \u00e0 l\u2019international. <\/p>\n\n<div style=\"height:37px\" aria-hidden=\"true\" class=\"wp-block-spacer\"><\/div>\n\n<h2 class=\"wp-block-heading\">\u00c0 propos d&rsquo;Ing\u00e9rop<\/h2>\n\n<p class=\"wp-block-paragraph\">Bas\u00e9 \u00e0 Rueil-Malmaison (France), Ing\u00e9rop est un groupe d\u2019ing\u00e9nierie et de conseil, \u0153uvrant sur des enjeux majeurs pour b\u00e2tir, d\u00e8s \u00e0 pr\u00e9sent, le monde de demain : mobilit\u00e9 durable, transition \u00e9nerg\u00e9tique, cadre de vie. Le groupe a acquis une solide notori\u00e9t\u00e9 dans l\u2019ensemble des m\u00e9tiers de la construction : b\u00e2timent, eau, \u00e9nergie, industrie, infrastructure &amp; mobilit\u00e9, transport, ville. Ses \u00e9quipes aguerries proposent un accompagnement technique pointu, couvrant toutes les phases des projets et des chantiers. Acteur de r\u00e9f\u00e9rence en France, Ing\u00e9rop dispose d\u2019une forte pr\u00e9sence \u00e0 l\u2019international, en constante progression. Le groupe poursuit en effet son d\u00e9veloppement r\u00e9gulier, en s\u2019appuyant sur son ind\u00e9pendance actionnariale, son expertise technique, sa capacit\u00e9 d\u2019innovation et sa proximit\u00e9 avec ses clients.    <\/p>\n\n<div style=\"height:37px\" aria-hidden=\"true\" class=\"wp-block-spacer\"><\/div>\n\n<h6 class=\"wp-block-heading\"><strong>Contact presse Futerro :<\/strong><\/h6>\n\n<p class=\"wp-block-paragraph\">Agence ComCorp<br\/>Kelly Leotardi : kleotardi@comcorp.fr \u2013 +33 7 50 87 76 62<br\/>Anne-Claire Berthomieu : acberthomieu@comcorp.fr \u2013 +33 6 16 53 15 70<\/p>\n\n<div style=\"height:26px\" aria-hidden=\"true\" class=\"wp-block-spacer\"><\/div>\n\n<h6 class=\"wp-block-heading\"><strong>Contact presse Ingerop :<\/strong><\/h6>\n\n<p class=\"wp-block-paragraph\">Agence QUATRIEME JOUR \u2013 ingerop@quatriemejour.fr<br\/>Sophie Rapatel \u2013 Directrice de la Communication \u2013 sophie.rapatel@ingerop.com \u2013 +33 6 20 88 16 76<\/p>\n\n<div style=\"height:38px\" aria-hidden=\"true\" class=\"wp-block-spacer\"><\/div>\n\n<p class=\"wp-block-paragraph\"><em>En cas de divergence avec la version anglaise de ce communiqu\u00e9 de presse, la version fran\u00e7aise fera foi <\/em><\/p>\n\n<div style=\"height:100px\" aria-hidden=\"true\" class=\"wp-block-spacer\"><\/div>\n","protected":false},"excerpt":{"rendered":"<p>Futerro, soci\u00e9t\u00e9 belge sp\u00e9cialis\u00e9e dans la production d\u2019acide lactique, de lactide (deux biomol\u00e9cules plateformes) et de PLA (acide poly-lactique), donne le coup d\u2019envoi de l\u2019ing\u00e9nierie et de la conception finale de l&rsquo;Avant-Projet D\u00e9taill\u00e9 (APD) de sa future bioraffinerie europ\u00e9enne qui sera implant\u00e9e \u00e0 Saint Jean-de-Folleville entre Rouen et le Havre (76). L\u2019entreprise a fait appel [&hellip;]<\/p>\n","protected":false},"author":2,"featured_media":3543,"comment_status":"closed","ping_status":"closed","sticky":false,"template":"","format":"standard","meta":{"_acf_changed":false,"_seopress_titles_title":"","_seopress_titles_desc":"","_seopress_robots_index":"","_seopress_robots_follow":"","_seopress_robots_imageindex":"","_seopress_robots_snippet":"","_seopress_robots_primary_cat":"","_seopress_robots_breadcrumbs":"","_seopress_robots_freeze_modified_date":"","_seopress_robots_custom_modified_date":"","_seopress_robots_canonical":"","_seopress_social_fb_title":"","_seopress_social_fb_desc":"","_seopress_social_fb_img":"","_seopress_social_fb_img_attachment_id":0,"_seopress_social_fb_img_width":0,"_seopress_social_fb_img_height":0,"_seopress_social_twitter_title":"","_seopress_social_twitter_desc":"","_seopress_social_twitter_img":"","_seopress_social_twitter_img_attachment_id":0,"_seopress_social_twitter_img_width":0,"_seopress_social_twitter_img_height":0,"_seopress_redirections_value":"","_seopress_redirections_enabled":"","_seopress_redirections_enabled_regex":"","_seopress_redirections_logged_status":"","_seopress_redirections_param":"","_seopress_redirections_type":0,"_seopress_analysis_target_kw":"","inline_featured_image":false,"footnotes":""},"categories":[72],"tags":[],"class_list":["post-3980","post","type-post","status-publish","format-standard","has-post-thumbnail","hentry","category-communique-de-presse"],"acf":[],"_links":{"self":[{"href":"https:\/\/www.futerro.com\/fr\/wp-json\/wp\/v2\/posts\/3980","targetHints":{"allow":["GET"]}}],"collection":[{"href":"https:\/\/www.futerro.com\/fr\/wp-json\/wp\/v2\/posts"}],"about":[{"href":"https:\/\/www.futerro.com\/fr\/wp-json\/wp\/v2\/types\/post"}],"author":[{"embeddable":true,"href":"https:\/\/www.futerro.com\/fr\/wp-json\/wp\/v2\/users\/2"}],"replies":[{"embeddable":true,"href":"https:\/\/www.futerro.com\/fr\/wp-json\/wp\/v2\/comments?post=3980"}],"version-history":[{"count":5,"href":"https:\/\/www.futerro.com\/fr\/wp-json\/wp\/v2\/posts\/3980\/revisions"}],"predecessor-version":[{"id":10070,"href":"https:\/\/www.futerro.com\/fr\/wp-json\/wp\/v2\/posts\/3980\/revisions\/10070"}],"wp:featuredmedia":[{"embeddable":true,"href":"https:\/\/www.futerro.com\/fr\/wp-json\/wp\/v2\/media\/3543"}],"wp:attachment":[{"href":"https:\/\/www.futerro.com\/fr\/wp-json\/wp\/v2\/media?parent=3980"}],"wp:term":[{"taxonomy":"category","embeddable":true,"href":"https:\/\/www.futerro.com\/fr\/wp-json\/wp\/v2\/categories?post=3980"},{"taxonomy":"post_tag","embeddable":true,"href":"https:\/\/www.futerro.com\/fr\/wp-json\/wp\/v2\/tags?post=3980"}],"curies":[{"name":"wp","href":"https:\/\/api.w.org\/{rel}","templated":true}]}}