{"id":4176,"date":"2022-12-08T11:34:00","date_gmt":"2022-12-08T09:34:00","guid":{"rendered":"https:\/\/www.futerro.com\/futerro-vise-a-etablir-une-nouvelle-bioraffinerie-de-pla-entierement-integree-en-normandie-france\/"},"modified":"2026-08-13T16:49:27","modified_gmt":"2026-08-13T14:49:27","slug":"futerro-vise-a-etablir-une-nouvelle-bioraffinerie-de-pla-entierement-integree-en-normandie-france","status":"publish","type":"post","link":"https:\/\/www.futerro.com\/fr\/futerro-vise-a-etablir-une-nouvelle-bioraffinerie-de-pla-entierement-integree-en-normandie-france\/","title":{"rendered":"Futerro pr\u00e9voit d&rsquo;implanter une nouvelle bioraffinerie de PLA enti\u00e8rement int\u00e9gr\u00e9e en Normandie, en France"},"content":{"rendered":"\n<h2 class=\"wp-block-heading\"><strong>Communiqu\u00e9 de Presse<\/strong><\/h2>\n\n<p class=\"wp-block-paragraph\"><em><strong>Bruxelles, le 8 d\u00e9cembre 2022<\/strong><\/em><\/p>\n\n<div style=\"height:20px\" aria-hidden=\"true\" class=\"wp-block-spacer\"><\/div>\n\n<h2 class=\"wp-block-heading\"><strong>Futerro envisage l\u2019implantation en Normandie de la premi\u00e8re bioraffinerie verticalement int\u00e9gr\u00e9e d\u2019Europe, destin\u00e9e \u00e0 produire du PLA et \u00e0 le recycler<\/strong><\/h2>\n\n<p class=\"wp-block-paragraph\">Apr\u00e8s la construction de sa premi\u00e8re usine de PLA (acide poly-lactique) en Chine en 2021, Futerro a pour ambition d\u2019implanter une nouvelle bioraffinerie enti\u00e8rement int\u00e9gr\u00e9e dans la zone industrielle et portuaire de Port-J\u00e9r\u00f4me, sur l\u2019agglom\u00e9ration Caux Seine Agglo (commune de Saint-Jean-de Folleville), situ\u00e9e sur l\u2019axe Seine entre Rouen et le Havre.<\/p>\n\n<p class=\"wp-block-paragraph\">Futerro, Soci\u00e9t\u00e9 Belge et leader dans la production de PLA, a entam\u00e9 des n\u00e9gociations avec Caux-Seine Agglo et son agence de d\u00e9veloppement \u00e9conomique Caux-Seine D\u00e9veloppement afin de construire une nouvelle g\u00e9n\u00e9ration de bioraffinerie verticalement int\u00e9gr\u00e9e, d\u2019une capacit\u00e9 de production annuelle de 75 000 tonnes. Le projet devrait cr\u00e9er \u00e0 terme 250 emplois directs ainsi que 900 emplois dans des secteurs adjacents. <\/p>\n\n<p class=\"wp-block-paragraph\">Le PLA est un nouveau biopolym\u00e8re pr\u00e9sentant tous les avantages que l\u2019industrie actuelle recherche:<\/p>\n\n<ul class=\"wp-block-list\">\n<li>Il est biosourc\u00e9 et ne puise donc pas dans les ressources fossiles.<\/li>\n\n\n\n<li>Il dispose d\u2019excellentes propri\u00e9t\u00e9s m\u00e9caniques permettant de remplacer de nombreux p\u00e9tro<br\/>plastiques.<\/li>\n\n\n\n<li>Il est recyclable par voie mol\u00e9culaire \u00e0 l\u2019infini sans alt\u00e9rer sa qualit\u00e9.<\/li>\n\n\n\n<li>Il s\u2019agit d\u2019un des seuls polym\u00e8res dont le produit de d\u00e9gradation, l\u2019acide lactique, est inoffensif pour la sant\u00e9 humaine et l\u2019environnement.<\/li>\n<\/ul>\n\n<blockquote class=\"wp-block-quote is-layout-flow wp-block-quote-is-layout-flow\">\n<p class=\"wp-block-paragraph\"><em>\u00ab Nous d\u00e9crivons notre polym\u00e8re comme le premier plastique \u00ab bio-renouvelable \u00bb. Issu d\u2019un carbone d\u2019origine v\u00e9g\u00e9tale, il est facilement et \u00e9cologiquement recyclable et permet d\u2019obtenir un nouveau polym\u00e8re vierge d\u2019une qualit\u00e9 identique \u00e0 son premier cycle de vie : c\u2019est une caract\u00e9ristique unique. \u00bb pr\u00e9cise Fr\u00e9d\u00e9ric Van Gansberghe, CEO de Futerro.<\/em><\/p>\n<\/blockquote>\n\n<p class=\"wp-block-paragraph\">Cette bioraffinerie enti\u00e8rement int\u00e9gr\u00e9e a pour objectif d\u2019inclure une unit\u00e9 d\u2019acide lactique transformant des mati\u00e8res premi\u00e8res d\u2019origine agricole, une unit\u00e9 de conversion en PLA ainsi qu\u2019une unit\u00e9 d\u00e9di\u00e9e \u00e0 son recyclage mol\u00e9culaire.<\/p>\n\n<p class=\"wp-block-paragraph\">Le projet sera en ad\u00e9quation avec les meilleurs standards en vigueur dans l\u2019\u00e9conomie circulaire, valorisant tous les sous-produits dans divers secteurs tels que : l\u2019\u00e9nergie verte, l\u2019agriculture ou l\u2019alimentation animale et humaine, optimisant ainsi la productivit\u00e9 de l\u2019infrastructure.<\/p>\n\n<blockquote class=\"wp-block-quote is-layout-flow wp-block-quote-is-layout-flow\">\n<p class=\"wp-block-paragraph\">\u00ab<em>Nous avons envisag\u00e9 de nombreux sites pour implanter cette premi\u00e8re unit\u00e9 europ\u00e9enne. Nous avons fort appr\u00e9ci\u00e9 la fa\u00e7on dont les autorit\u00e9s et les \u00e9lus locaux nous ont aid\u00e9s dans l\u2019\u00e9tude de l\u2019implantation de notre projet sur la zone portuaire de Port-J\u00e9r\u00f4me <\/em>\u00bb explique Fr\u00e9d\u00e9ric Van Gansberghe.<\/p>\n<\/blockquote>\n\n<p class=\"wp-block-paragraph\">La s\u00e9lection de ce site a \u00e9t\u00e9 guid\u00e9e par 6 facteurs cl\u00e9s :<\/p>\n\n<ul class=\"wp-block-list\">\n<li>La disponibilit\u00e9 d\u2019un terrain industriel de taille suffisante avec possibilit\u00e9 d\u2019une extension des capacit\u00e9s de production dans les ann\u00e9es \u00e0 venir ;<\/li>\n\n\n\n<li>La possibilit\u00e9 d&rsquo;utiliser une \u00e9nergie bas carbone ;<\/li>\n\n\n\n<li>La pr\u00e9sence de mati\u00e8res premi\u00e8res agricoles ;<\/li>\n\n\n\n<li>L\u2019app\u00e9tence et l\u2019exp\u00e9rience des acteurs publics et priv\u00e9s locaux dans l\u2019accompagnement de <br\/>projets de grande envergure favorisant une r\u00e9industrialisation durable de la r\u00e9gion ;<\/li>\n\n\n\n<li>L\u2019acc\u00e8s \u00e0 la voie d\u2019eau et les multiples possibilit\u00e9s logistiques qu\u2019offrent le terminal de <br\/>Radicatel et le port du Havre ;<\/li>\n\n\n\n<li>La pr\u00e9sence d\u2019un bassin de comp\u00e9tences techniques d\u00e9di\u00e9 aux secteurs de la chimie et des <br\/>polym\u00e8res ;<\/li>\n<\/ul>\n\n<blockquote class=\"wp-block-quote is-layout-flow wp-block-quote-is-layout-flow\">\n<p class=\"wp-block-paragraph\"><\/p>\n<\/blockquote>\n\n<h2 class=\"wp-block-heading\">Un projet s\u2019int\u00e9grant dans la dynamique fran\u00e7aise vers une \u00e9conomie plus verte<\/h2>\n\n<blockquote class=\"wp-block-quote is-layout-flow wp-block-quote-is-layout-flow\">\n<p class=\"wp-block-paragraph\">Comme<em>le rappelle Monsieur le Pr\u00e9sident de la R\u00e9gion Normandie, Herv\u00e9 Morin :    <\/em> \u00ab La Normandie est une terre industrielle. Cela se confirme chaque jour \u00e0 travers les annonces d\u2019implantation de projets industriels tel que celui de Futerro. N\u00e9anmoins, au-del\u00e0 des chiffres d\u2019emplois industriels dans le PIB normand, je constate que le mod\u00e8le de d\u00e9veloppement que nous pr\u00f4nons fait sens aupr\u00e8s des dirigeants d\u2019entreprises. En effet, la R\u00e9gion Normandie s\u2019applique \u00e0 favoriser chaque projet d\u2019implantation ou de d\u00e9veloppement d\u00e8s lors qu\u2019il s\u2019inscrit dans le respect de principes que nous pr\u00f4nons, notamment la cr\u00e9ation d\u2019activit\u00e9s industrielles, v\u00e9ritables marqueurs identitaires de la Normandie, dans le cadre d\u2019une d\u00e9marche d\u2019acc\u00e9l\u00e9ration des projets faisant de la d\u00e9carbonation l\u2019un des nouveaux piliers du d\u00e9veloppement de notre territoire. La d\u00e9cision de Futerro, un des leaders du secteur de la chimie verte, est un exemple parmi d\u2019autres de l\u2019attrait de la Normandie dans ce domaine \u00bb.<\/p>\n<\/blockquote>\n\n<p class=\"wp-block-paragraph\">Ce nouveau projet industriel de Futerro s\u2019inscrit \u00e9galement parfaitement dans la politique europ\u00e9enne du Green Deal, le d\u00e9veloppement de l\u2019\u00e9conomie circulaire et la strat\u00e9gie de d\u00e9carbonation du gouvernement fran\u00e7ais. Selon le dirigeant de Futerro, cette nouvelle bioraffinerie permettra d\u2019avoir au sein du bassin normand, historiquement orient\u00e9 vers la p\u00e9trochimie, un premier acteur important de la chimie verte, acc\u00e9l\u00e9rant ainsi la transition du carbone fossile vers un carbone renouvelable. <\/p>\n\n<blockquote class=\"wp-block-quote is-layout-flow wp-block-quote-is-layout-flow\">\n<p class=\"wp-block-paragraph\">\u00ab<em>V\u00e9ritable pionni\u00e8re de l\u2019\u00e9conomie circulaire sur l\u2019Axe Seine en Normandie, Caux Seine Agglo fait de la d\u00e9carbonation de son tissu industriel, l\u2019une de ses priorit\u00e9s. Avec sa ZI Port J\u00e9r\u00f4me, l\u2019agglom\u00e9ration s\u2019est dot\u00e9e d\u2019un espace d\u00e9di\u00e9 \u00e0 un \u00e9cosyst\u00e8me industriel vertueux : l\u2019implantation du projet Futerro sur la commune de Saint-Jean-de-Folleville confirme une fois de plus l\u2019attractivit\u00e9 et la r\u00e9silience de la collectivit\u00e9 dans son approche du d\u00e9veloppement \u00e9conomique, ainsi que sa position leader sur l\u2019\u00e9conomie circulaire et la chimie verte. Ce projet d\u2019investissement men\u00e9 conjointement avec la R\u00e9gion Normandie consolide et renforce la d\u00e9marche environnementale ambitieuse en faveur des transitions que nous portons : pour une industrie innovante soutenant une croissance verte, cr\u00e9atrice d\u2019emplois, Caux Seine agglo r\u00e9concilie \u00e9cologie et industrie  <\/em>\u00bb, explique Virginie Carolo-Lutrot, Pr\u00e9sidente de Caux Seine Agglo.<\/p>\n<\/blockquote>\n\n<p class=\"wp-block-paragraph\">Futerro a d\u00e9j\u00e0 mis une option sur un terrain d\u2019environ 26,5 hectares situ\u00e9 sur la commune de Saint-Jean-de-Folleville, dans la zone industrielle de Port-J\u00e9r\u00f4me et a d\u00e9but\u00e9 les proc\u00e9dures d\u2019analyses \u00e9cologiques et environnementales sur place. Courant 2023, le projet fera \u00e9galement l\u2019objet d\u2019une concertation pr\u00e9alable. <\/p>\n\n<p class=\"wp-block-paragraph\"><\/p>\n","protected":false},"excerpt":{"rendered":"<p>Communiqu\u00e9 de Presse Bruxelles, le 8 d\u00e9cembre 2022 Futerro envisage l\u2019implantation en Normandie de la premi\u00e8re bioraffinerie verticalement int\u00e9gr\u00e9e d\u2019Europe, destin\u00e9e \u00e0 produire du PLA et \u00e0 le recycler Apr\u00e8s la construction de sa premi\u00e8re usine de PLA (acide poly-lactique) en Chine en 2021, Futerro a pour ambition d\u2019implanter une nouvelle bioraffinerie enti\u00e8rement int\u00e9gr\u00e9e dans [&hellip;]<\/p>\n","protected":false},"author":3,"featured_media":3175,"comment_status":"open","ping_status":"open","sticky":false,"template":"","format":"standard","meta":{"_acf_changed":false,"_seopress_titles_title":"","_seopress_titles_desc":"","_seopress_robots_index":"","_seopress_robots_follow":"","_seopress_robots_imageindex":"","_seopress_robots_snippet":"","_seopress_robots_primary_cat":"","_seopress_robots_breadcrumbs":"","_seopress_robots_freeze_modified_date":"","_seopress_robots_custom_modified_date":"","_seopress_robots_canonical":"","_seopress_social_fb_title":"","_seopress_social_fb_desc":"","_seopress_social_fb_img":"","_seopress_social_fb_img_attachment_id":0,"_seopress_social_fb_img_width":0,"_seopress_social_fb_img_height":0,"_seopress_social_twitter_title":"","_seopress_social_twitter_desc":"","_seopress_social_twitter_img":"","_seopress_social_twitter_img_attachment_id":0,"_seopress_social_twitter_img_width":0,"_seopress_social_twitter_img_height":0,"_seopress_redirections_value":"","_seopress_redirections_enabled":"","_seopress_redirections_enabled_regex":"","_seopress_redirections_logged_status":"","_seopress_redirections_param":"","_seopress_redirections_type":0,"_seopress_analysis_target_kw":"","inline_featured_image":false,"footnotes":""},"categories":[72],"tags":[],"class_list":["post-4176","post","type-post","status-publish","format-standard","has-post-thumbnail","hentry","category-communique-de-presse"],"acf":[],"_links":{"self":[{"href":"https:\/\/www.futerro.com\/fr\/wp-json\/wp\/v2\/posts\/4176","targetHints":{"allow":["GET"]}}],"collection":[{"href":"https:\/\/www.futerro.com\/fr\/wp-json\/wp\/v2\/posts"}],"about":[{"href":"https:\/\/www.futerro.com\/fr\/wp-json\/wp\/v2\/types\/post"}],"author":[{"embeddable":true,"href":"https:\/\/www.futerro.com\/fr\/wp-json\/wp\/v2\/users\/3"}],"replies":[{"embeddable":true,"href":"https:\/\/www.futerro.com\/fr\/wp-json\/wp\/v2\/comments?post=4176"}],"version-history":[{"count":4,"href":"https:\/\/www.futerro.com\/fr\/wp-json\/wp\/v2\/posts\/4176\/revisions"}],"predecessor-version":[{"id":10162,"href":"https:\/\/www.futerro.com\/fr\/wp-json\/wp\/v2\/posts\/4176\/revisions\/10162"}],"wp:featuredmedia":[{"embeddable":true,"href":"https:\/\/www.futerro.com\/fr\/wp-json\/wp\/v2\/media\/3175"}],"wp:attachment":[{"href":"https:\/\/www.futerro.com\/fr\/wp-json\/wp\/v2\/media?parent=4176"}],"wp:term":[{"taxonomy":"category","embeddable":true,"href":"https:\/\/www.futerro.com\/fr\/wp-json\/wp\/v2\/categories?post=4176"},{"taxonomy":"post_tag","embeddable":true,"href":"https:\/\/www.futerro.com\/fr\/wp-json\/wp\/v2\/tags?post=4176"}],"curies":[{"name":"wp","href":"https:\/\/api.w.org\/{rel}","templated":true}]}}